{"id":167,"date":"2013-09-18T09:11:28","date_gmt":"2013-09-18T08:11:28","guid":{"rendered":"http:\/\/new.ahmetakgunduz.com\/?p=167"},"modified":"2013-09-18T09:11:28","modified_gmt":"2013-09-18T08:11:28","slug":"hollanda-egitim-bakani-bayan-j-bussemaker-iur-hakkindaki-soru-onergesine-cok-onemli-cevaplar-verdi","status":"publish","type":"post","link":"https:\/\/ahmedakgunduz.com\/?p=167","title":{"rendered":"Hollanda E\u011fitim Bakan\u0131 Bayan J. Bussemaker IUR hakk\u0131ndaki Soru \u00d6nergesine \u00e7ok \u00f6nemli cevaplar verdi"},"content":{"rendered":"<p><b>Hollandal\u0131 \u0130slam kar\u015f\u0131t\u0131 politikac\u0131 PVV Genel Ba\u015fkan\u0131 Geert Wilders, 06 Mart 2013 tarihinde E\u011fitim Bakan\u0131 Bayan J. Bussemaker\u2019a verdi\u011fi soru \u00f6nergesinde Rotterdam \u0130slam \u00dcniversitesi hakk\u0131nda baz\u0131 sorular sormu\u015ftu. E\u011fitim bakan\u0131n\u0131n bu sorulara verdi\u011fi cevaplar\u0131 a\u015fa\u011f\u0131da bulabilirsiniz. <\/b><\/p>\n<p>&nbsp;<\/p>\n<p>&nbsp;<\/p>\n<p><b>Soru:<\/b><\/p>\n<p>Rekt\u00f6r\u2018\u00fcn, \u00f6\u011fretim \u00fcyelerinin ve (kurum olarak) \u00fcniversitenin, \u201cBat\u0131 de\u011ferlerine kar\u015f\u0131 olan kad\u0131n\/erkek e\u015fitli\u011fi, e\u015fcinsellik ve m\u00fcrtedlik\u201d konusunda ki s\u00f6ylemlerine onlar ile birlikte hem fikir misiniz? Bu fikirlerin, akredite olmu\u015f bir Hollandal\u0131 e\u011fitim kurumun \u2019un prensiplerinde yer almamas\u0131 gerekti\u011fi konusunda ne d\u00fc\u015f\u00fcn\u00fcyorsunuz? Hay\u0131r ise neden? Evet ise, bu \u00fcniversitenin bachelor (lisans) ve master e\u011fitimlerinin akreditasyonunu geri \u00e7ekmeye haz\u0131r m\u0131s\u0131n\u0131z?<\/p>\n<p><b>Cevap:<\/b><\/p>\n<p>Hollanda devleti kad\u0131n\/erkek e\u015fitli\u011fini, e\u015fcinsel olanlar\u0131 veya olmayanlar\u0131, m\u00fcrted olanlar\u0131 veya olmayanlar\u0131 desteklemektedir. Bu \u00e7er\u00e7evede ben, e\u015fcinsellerin &#8211; ve bayanlar\u0131n \u00f6zg\u00fcrl\u00fc\u011f\u00fc ile sorumluyum ve bu konuda aktif \u015fekilde siyasi prosed\u00fcrleri uyguluyorum. H\u00fck\u00fcmetimiz, sosyal bask\u0131 g\u00f6ren e\u015fcinsellerle, dinlerinden ayr\u0131lmaya karar veren az\u0131nl\u0131klarla ve gen\u00e7 bayanlarla \u00f6zel olarak ilgilenmektedir. Onlar, Sosyal \u0130\u015fler bakan\u0131 Asscher\u2019inda resmi a\u00e7\u0131klamas\u0131nda belirtti\u011fi gibi, \u00f6zel bir destek hakk\u0131na sahiptirler.<\/p>\n<p>Bahsetmi\u015f oldu\u011funuz ifadeler, dipnot \u2019ta belirtilmi\u015f olan tarihe bak\u0131ld\u0131\u011f\u0131nda, 10 y\u0131l \u00f6nce yap\u0131lm\u0131\u015f bir r\u00f6portajdand\u0131r ve \u015fahsi olarak (ifade \u00f6zg\u00fcrl\u00fc\u011f\u00fcne dayanarak) s\u00f6ylenmi\u015ftir. Ayr\u0131ca, \u00f6\u011fretim amac\u0131na y\u00f6nelik akademik bir \u00e7al\u0131\u015fmadan ibarettir ve rekt\u00f6r\u00fcn \u015fahsi fikirlerini bile i\u00e7ermemektedir. <b>Bahsetmi\u015f oldu\u011funuz IUR\u2019nin bachelor ve master e\u011fitimleri akredite olmu\u015ftur ve ben bu akreditasyonlar\u0131n bu sebepten dolay\u0131 geri \u00e7ekilmesini gerekli g\u00f6rm\u00fcyorum<\/b>.<\/p>\n<p><b>Soru:<\/b><\/p>\n<p>IUR taraf\u0131ndan e\u011fitilen manevi bak\u0131c\u0131lar\u0131n, ay\u0131r\u0131mc\u0131l\u0131\u011fa yol a\u00e7t\u0131klar\u0131n\u0131 ve Bat\u0131 de\u011ferlerine kar\u015f\u0131 nefret dolu olduklar\u0131n\u0131 ve bu sebepten dolay\u0131 asla resmi bir Hollanda kurumunda \u00e7al\u0131\u015fmamalar\u0131 gerekti\u011fi fikrinde misiniz? Hay\u0131r ise, neden de\u011filsiniz?<\/p>\n<p><b>Cevap: <\/b><\/p>\n<p>Bu fikre kat\u0131lm\u0131yorum. Devlet kurumlar\u0131nda \u00e7al\u0131\u015fmakta olan M\u00fcsl\u00fcman manevi bak\u0131c\u0131lar, dikkat ve hassasiyet ile yeteneklerine g\u00f6re se\u00e7ilmektedirler. Bunun i\u00e7in de, bu ki\u015filerde Bat\u0131 de\u011ferlerine kar\u015f\u0131 bir nefret yer almamaktad\u0131r. Ayr\u0131ca, Bu \u00e7al\u0131\u015fanlar\u0131n akredite olmu\u015f \u2018Manevi Bak\u0131c\u0131l\u0131k\u2019 diplomas\u0131na sahip olmalar\u0131 \u015fartt\u0131r. <b>IUR\u2019in Manevi Bak\u0131c\u0131l\u0131k master e\u011fitimi 2009 y\u0131l\u0131nda akredite olmu\u015ftur. <\/b><\/p>\n<p>&nbsp;<\/p>\n<p>Akredite komisyonu, haz\u0131rlad\u0131klar\u0131 raporda \u00f6zellikle \u015funun alt\u0131n\u0131 \u00e7izerek vurgulam\u0131\u015ft\u0131r: \u201c<b>IUR temsilcileri ile g\u00f6r\u00fc\u015fmelerde bulunan Komisyon, bu e\u011fitimin farkl\u0131 y\u00f6ntemler ile kad\u0131n\/erkek e\u015fitli\u011fi hedefledi\u011fini tespit etmi\u015ftir. \u00dcstelik olduk\u00e7a \u00e7ok ve farkl\u0131 k\u00fclt\u00fcrlere\/az\u0131nl\u0131klara sahip olan \u2018Hollanda\u2019daki \u0130slamiyet\u2019 \u00e7er\u00e7evesinde, IUR a\u00e7\u0131k ve net bir \u015fekilde \u2018\u00e7e\u015fitlili\u011fi\u2019 hedeflemi\u015ftir. IUR kendi kalite kontrol\u00fcn\u00fc sistemli bir \u015fekilde geli\u015ftirmeyi ve \u00f6zellikle Hollandal\u0131 y\u00fcksek e\u011fitim kurumlar\u0131 ile samimi bir i\u015fbirli\u011fini de ayr\u0131ca hedeflemektedir<\/b>.\u201d<\/p>\n","protected":false},"excerpt":{"rendered":"<p>Hollandal\u0131 \u0130slam kar\u015f\u0131t\u0131 politikac\u0131 PVV Genel Ba\u015fkan\u0131 Geert Wilders, 06 Mart 2013 tarihinde E\u011fitim Bakan\u0131 Bayan J. Bussemaker\u2019a verdi\u011fi soru \u00f6nergesinde Rotterdam \u0130slam \u00dcniversitesi hakk\u0131nda baz\u0131 sorular sormu\u015ftu. E\u011fitim bakan\u0131n\u0131n bu sorulara verdi\u011fi cevaplar\u0131 a\u015fa\u011f\u0131da bulabilirsiniz. &nbsp; &nbsp; Soru: Rekt\u00f6r\u2018\u00fcn, \u00f6\u011fretim \u00fcyelerinin ve (kurum olarak) \u00fcniversitenin, \u201cBat\u0131 de\u011ferlerine kar\u015f\u0131 olan\u2026<\/p>\n<p> <a class=\"continue-reading-link\" href=\"https:\/\/ahmedakgunduz.com\/?p=167\"><span>Continue reading<\/span><i class=\"crycon-right-dir\"><\/i><\/a> <\/p>\n","protected":false},"author":2,"featured_media":0,"comment_status":"closed","ping_status":"closed","sticky":false,"template":"","format":"standard","meta":{"footnotes":""},"categories":[5],"tags":[98,96,97],"class_list":["post-167","post","type-post","status-publish","format-standard","hentry","category-news-turkish","tag-egitim-bakaninin","tag-pvv-genel-baskani-geert-wilders","tag-rotterdam-islam-universitesi-hakkinda"],"_links":{"self":[{"href":"https:\/\/ahmedakgunduz.com\/index.php?rest_route=\/wp\/v2\/posts\/167","targetHints":{"allow":["GET"]}}],"collection":[{"href":"https:\/\/ahmedakgunduz.com\/index.php?rest_route=\/wp\/v2\/posts"}],"about":[{"href":"https:\/\/ahmedakgunduz.com\/index.php?rest_route=\/wp\/v2\/types\/post"}],"author":[{"embeddable":true,"href":"https:\/\/ahmedakgunduz.com\/index.php?rest_route=\/wp\/v2\/users\/2"}],"replies":[{"embeddable":true,"href":"https:\/\/ahmedakgunduz.com\/index.php?rest_route=%2Fwp%2Fv2%2Fcomments&post=167"}],"version-history":[{"count":1,"href":"https:\/\/ahmedakgunduz.com\/index.php?rest_route=\/wp\/v2\/posts\/167\/revisions"}],"predecessor-version":[{"id":168,"href":"https:\/\/ahmedakgunduz.com\/index.php?rest_route=\/wp\/v2\/posts\/167\/revisions\/168"}],"wp:attachment":[{"href":"https:\/\/ahmedakgunduz.com\/index.php?rest_route=%2Fwp%2Fv2%2Fmedia&parent=167"}],"wp:term":[{"taxonomy":"category","embeddable":true,"href":"https:\/\/ahmedakgunduz.com\/index.php?rest_route=%2Fwp%2Fv2%2Fcategories&post=167"},{"taxonomy":"post_tag","embeddable":true,"href":"https:\/\/ahmedakgunduz.com\/index.php?rest_route=%2Fwp%2Fv2%2Ftags&post=167"}],"curies":[{"name":"wp","href":"https:\/\/api.w.org\/{rel}","templated":true}]}}